{"id":7009,"date":"2025-05-09T16:45:48","date_gmt":"2025-05-09T14:45:48","guid":{"rendered":"https:\/\/www.stiftung-woeb.de\/event-80-years-of-liberation-from-national-socialism\/"},"modified":"2025-07-27T19:24:13","modified_gmt":"2025-07-27T17:24:13","slug":"event-80-years-of-liberation-from-national-socialism","status":"publish","type":"post","link":"https:\/\/www.stiftung-woeb.de\/en\/event-80-years-of-liberation-from-national-socialism\/","title":{"rendered":"Event \u201880 Years of Liberation from National Socialism\u2019"},"content":{"rendered":"<p>[et_pb_section fb_built=&#8221;1&#8243; _builder_version=&#8221;4.16&#8243; global_colors_info=&#8221;{}&#8221;][et_pb_row _builder_version=&#8221;4.27.4&#8243; _module_preset=&#8221;default&#8221; global_colors_info=&#8221;{}&#8221;][et_pb_column type=&#8221;4_4&#8243; _builder_version=&#8221;4.27.4&#8243; _module_preset=&#8221;default&#8221; global_colors_info=&#8221;{}&#8221;][et_pb_text admin_label=&#8221;Text&#8221; _builder_version=&#8221;4.27.4&#8243; _module_preset=&#8221;default&#8221; global_colors_info=&#8221;{}&#8221;]<\/p>\n<p>On Thursday, 5 June 2025, the West-Eastern Encounters Foundation invited guests to a special event in an unusual setting: the lecture theatre ruins of the Charit\u00e9 Museum of Medical History in Berlin.<\/p>\n<p>To mark the 80th anniversary of liberation from National Socialism, experts discussed historical and contemporary perspectives on war, remembrance culture and international responsibility. Prior to the event, the Foundation offered its guests guided tours of the Topography of Terror Documentation Centre and the GeDenkOrt.Charit\u00e9. <\/p>\n<p>Following a welcome address by Jelena Hoffmann, Chairwoman of the Board of Directors, Robert Crumbach (Minister of Finance and Europe of the State of Brandenburg and Deputy Prime Minister) delivered a welcome speech. Matthias Platzeck, former Minister-President and Chairman of the Board of Trustees, then introduced the topic of &#8217;80 Years of Liberation from National Socialism&#8217; and emphasised the enduring importance of remembrance. <\/p>\n<p>Two panel discussions formed the central part of the programme: In the first, historian and author Dr Gerd Koenen and Dr Tatiana Timofeeva from the European University Viadrina discussed &#8216;Total War and Mass Murder: The War of Extermination in the East&#8217;. The discussion was moderated by journalist Johann Michael M\u00f6ller.<br \/>The second panel was dedicated to the topic of &#8216;Remembrance and Remembrance Culture: Change, Conflicts and Opportunities&#8217;. It was moderated by Dr J\u00f6rg Morr\u00e9, Director of the Museum Berlin-Karlshorst, and the speakers were Dr Kristiane Janeke (Bundeswehr Centre for Military History and Social Sciences), Dr Heike D\u00f6rrenb\u00e4cher (Volksbund Deutsche Kriegsgr\u00e4berf\u00fcrsorge e. V.) and Martin Bock (Stiftung Erinnerung, Verantwortung und Zukunft).   <\/p>\n<p>The discussions and dialogue continued at the subsequent get-together.<\/p>\n<p>We would like to thank all the speakers and moderators for their contributions to the event and for facilitating such a lively discussion.<\/p>\n<p>[\/et_pb_text][et_pb_gallery gallery_ids=&#8221;6124,6123,6122,6121,6120,6119,6118,6117&#8243; posts_number=&#8221;8&#8243; show_title_and_caption=&#8221;off&#8221; show_pagination=&#8221;off&#8221; _builder_version=&#8221;4.27.4&#8243; _module_preset=&#8221;default&#8221; global_colors_info=&#8221;{}&#8221;][\/et_pb_gallery][\/et_pb_column][\/et_pb_row][et_pb_row _builder_version=&#8221;4.27.2&#8243; _module_preset=&#8221;default&#8221; global_colors_info=&#8221;{}&#8221;][et_pb_column type=&#8221;4_4&#8243; _builder_version=&#8221;4.27.2&#8243; _module_preset=&#8221;default&#8221; global_colors_info=&#8221;{}&#8221;][et_pb_text _builder_version=&#8221;4.27.4&#8243; _module_preset=&#8221;default&#8221; hover_enabled=&#8221;0&#8243; global_colors_info=&#8221;{}&#8221; sticky_enabled=&#8221;0&#8243;]<\/p>\n<p><em><br \/>We would like to thank the Ministry of Finance and Europe of the State of Brandenburg for its cooperation.<\/em><\/p>\n<p>[\/et_pb_text][\/et_pb_column][\/et_pb_row][\/et_pb_section]<\/p>\n","protected":false},"excerpt":{"rendered":"<p>To mark the 80th anniversary of the liberation from National Socialism, the West-Eastern Encounters Foundation invited participants to discuss war, the culture of remembrance, and international responsibility on 5 June 2025 in the lecture theatre ruins of the Charit\u00e9 Medical History Museum in Berlin.<\/p>\n","protected":false},"author":5,"featured_media":6982,"comment_status":"closed","ping_status":"closed","sticky":false,"template":"","format":"standard","meta":{"_et_pb_use_builder":"on","_et_pb_old_content":"","_et_gb_content_width":"","footnotes":""},"categories":[23,22],"tags":[],"class_list":["post-7009","post","type-post","status-publish","format-standard","has-post-thumbnail","hentry","category-foundation-and-cooperation-projects","category-review"],"yoast_head":"<!-- This site is optimized with the Yoast SEO plugin v26.0 - https:\/\/yoast.com\/wordpress\/plugins\/seo\/ -->\n<title>Event \u201880 Years of Liberation from National Socialism\u2019 - Stiftung West-\u00d6stliche Begegnungen<\/title>\n<meta name=\"robots\" content=\"index, follow, max-snippet:-1, max-image-preview:large, max-video-preview:-1\" \/>\n<link rel=\"canonical\" href=\"https:\/\/www.stiftung-woeb.de\/en\/event-80-years-of-liberation-from-national-socialism\/\" \/>\n<meta property=\"og:locale\" content=\"en_US\" \/>\n<meta property=\"og:type\" content=\"article\" \/>\n<meta property=\"og:title\" content=\"Event \u201880 Years of Liberation from National Socialism\u2019 - Stiftung West-\u00d6stliche Begegnungen\" \/>\n<meta property=\"og:description\" content=\"To mark the 80th anniversary of the liberation from National Socialism, the West-Eastern Encounters Foundation invited participants to discuss war, the culture of remembrance, and international responsibility on 5 June 2025 in the lecture theatre ruins of the Charit\u00e9 Medical History Museum in Berlin.\" \/>\n<meta property=\"og:url\" content=\"https:\/\/www.stiftung-woeb.de\/en\/event-80-years-of-liberation-from-national-socialism\/\" \/>\n<meta property=\"og:site_name\" content=\"Stiftung West-\u00d6stliche Begegnungen\" \/>\n<meta property=\"article:published_time\" content=\"2025-05-09T14:45:48+00:00\" \/>\n<meta property=\"article:modified_time\" content=\"2025-07-27T17:24:13+00:00\" \/>\n<meta property=\"og:image\" content=\"https:\/\/www.stiftung-woeb.de\/wp-content\/uploads\/2025\/06\/80-Jahre-Fotos-9-scaled.jpg\" \/>\n\t<meta property=\"og:image:width\" content=\"2560\" \/>\n\t<meta property=\"og:image:height\" content=\"1440\" \/>\n\t<meta property=\"og:image:type\" content=\"image\/jpeg\" \/>\n<meta name=\"author\" content=\"SW\u00d6B\" \/>\n<meta name=\"twitter:card\" content=\"summary_large_image\" \/>\n<meta name=\"twitter:label1\" content=\"Written by\" \/>\n\t<meta name=\"twitter:data1\" content=\"SW\u00d6B\" \/>\n\t<meta name=\"twitter:label2\" content=\"Est. reading time\" \/>\n\t<meta name=\"twitter:data2\" content=\"2 minutes\" \/>\n<script type=\"application\/ld+json\" class=\"yoast-schema-graph\">{\"@context\":\"https:\/\/schema.org\",\"@graph\":[{\"@type\":\"WebPage\",\"@id\":\"https:\/\/www.stiftung-woeb.de\/en\/event-80-years-of-liberation-from-national-socialism\/\",\"url\":\"https:\/\/www.stiftung-woeb.de\/en\/event-80-years-of-liberation-from-national-socialism\/\",\"name\":\"Event \u201880 Years of Liberation from National Socialism\u2019 - Stiftung West-\u00d6stliche Begegnungen\",\"isPartOf\":{\"@id\":\"https:\/\/www.stiftung-woeb.de\/en\/#website\"},\"primaryImageOfPage\":{\"@id\":\"https:\/\/www.stiftung-woeb.de\/en\/event-80-years-of-liberation-from-national-socialism\/#primaryimage\"},\"image\":{\"@id\":\"https:\/\/www.stiftung-woeb.de\/en\/event-80-years-of-liberation-from-national-socialism\/#primaryimage\"},\"thumbnailUrl\":\"https:\/\/www.stiftung-woeb.de\/wp-content\/uploads\/2025\/06\/80-Jahre-Fotos-9-scaled.jpg\",\"datePublished\":\"2025-05-09T14:45:48+00:00\",\"dateModified\":\"2025-07-27T17:24:13+00:00\",\"author\":{\"@id\":\"https:\/\/www.stiftung-woeb.de\/en\/#\/schema\/person\/f8fd5d8c724ea80f31e782e3a0cbf17d\"},\"breadcrumb\":{\"@id\":\"https:\/\/www.stiftung-woeb.de\/en\/event-80-years-of-liberation-from-national-socialism\/#breadcrumb\"},\"inLanguage\":\"en-US\",\"potentialAction\":[{\"@type\":\"ReadAction\",\"target\":[\"https:\/\/www.stiftung-woeb.de\/en\/event-80-years-of-liberation-from-national-socialism\/\"]}]},{\"@type\":\"ImageObject\",\"inLanguage\":\"en-US\",\"@id\":\"https:\/\/www.stiftung-woeb.de\/en\/event-80-years-of-liberation-from-national-socialism\/#primaryimage\",\"url\":\"https:\/\/www.stiftung-woeb.de\/wp-content\/uploads\/2025\/06\/80-Jahre-Fotos-9-scaled.jpg\",\"contentUrl\":\"https:\/\/www.stiftung-woeb.de\/wp-content\/uploads\/2025\/06\/80-Jahre-Fotos-9-scaled.jpg\",\"width\":2560,\"height\":1440},{\"@type\":\"BreadcrumbList\",\"@id\":\"https:\/\/www.stiftung-woeb.de\/en\/event-80-years-of-liberation-from-national-socialism\/#breadcrumb\",\"itemListElement\":[{\"@type\":\"ListItem\",\"position\":1,\"name\":\"Startseite\",\"item\":\"https:\/\/www.stiftung-woeb.de\/en\/welcome\/\"},{\"@type\":\"ListItem\",\"position\":2,\"name\":\"Event \u201880 Years of Liberation from National Socialism\u2019\"}]},{\"@type\":\"WebSite\",\"@id\":\"https:\/\/www.stiftung-woeb.de\/en\/#website\",\"url\":\"https:\/\/www.stiftung-woeb.de\/en\/\",\"name\":\"Stiftung West-\u00d6stliche Begegnungen\",\"description\":\"\",\"potentialAction\":[{\"@type\":\"SearchAction\",\"target\":{\"@type\":\"EntryPoint\",\"urlTemplate\":\"https:\/\/www.stiftung-woeb.de\/en\/?s={search_term_string}\"},\"query-input\":{\"@type\":\"PropertyValueSpecification\",\"valueRequired\":true,\"valueName\":\"search_term_string\"}}],\"inLanguage\":\"en-US\"},{\"@type\":\"Person\",\"@id\":\"https:\/\/www.stiftung-woeb.de\/en\/#\/schema\/person\/f8fd5d8c724ea80f31e782e3a0cbf17d\",\"name\":\"SW\u00d6B\",\"image\":{\"@type\":\"ImageObject\",\"inLanguage\":\"en-US\",\"@id\":\"https:\/\/www.stiftung-woeb.de\/en\/#\/schema\/person\/image\/\",\"url\":\"https:\/\/secure.gravatar.com\/avatar\/6c19793d4bc5eb81f83be200f8a85050a8aca04981ea912441dab23f5fedd739?s=96&d=mm&r=g\",\"contentUrl\":\"https:\/\/secure.gravatar.com\/avatar\/6c19793d4bc5eb81f83be200f8a85050a8aca04981ea912441dab23f5fedd739?s=96&d=mm&r=g\",\"caption\":\"SW\u00d6B\"},\"url\":\"https:\/\/www.stiftung-woeb.de\/en\/author\/alina-vedmedyevastiftung-woeb-de\/\"}]}<\/script>\n<!-- \/ Yoast SEO plugin. -->","yoast_head_json":{"title":"Event \u201880 Years of Liberation from National Socialism\u2019 - Stiftung West-\u00d6stliche Begegnungen","robots":{"index":"index","follow":"follow","max-snippet":"max-snippet:-1","max-image-preview":"max-image-preview:large","max-video-preview":"max-video-preview:-1"},"canonical":"https:\/\/www.stiftung-woeb.de\/en\/event-80-years-of-liberation-from-national-socialism\/","og_locale":"en_US","og_type":"article","og_title":"Event \u201880 Years of Liberation from National Socialism\u2019 - Stiftung West-\u00d6stliche Begegnungen","og_description":"To mark the 80th anniversary of the liberation from National Socialism, the West-Eastern Encounters Foundation invited participants to discuss war, the culture of remembrance, and international responsibility on 5 June 2025 in the lecture theatre ruins of the Charit\u00e9 Medical History Museum in Berlin.","og_url":"https:\/\/www.stiftung-woeb.de\/en\/event-80-years-of-liberation-from-national-socialism\/","og_site_name":"Stiftung West-\u00d6stliche Begegnungen","article_published_time":"2025-05-09T14:45:48+00:00","article_modified_time":"2025-07-27T17:24:13+00:00","og_image":[{"width":2560,"height":1440,"url":"https:\/\/www.stiftung-woeb.de\/wp-content\/uploads\/2025\/06\/80-Jahre-Fotos-9-scaled.jpg","type":"image\/jpeg"}],"author":"SW\u00d6B","twitter_card":"summary_large_image","twitter_misc":{"Written by":"SW\u00d6B","Est. reading time":"2 minutes"},"schema":{"@context":"https:\/\/schema.org","@graph":[{"@type":"WebPage","@id":"https:\/\/www.stiftung-woeb.de\/en\/event-80-years-of-liberation-from-national-socialism\/","url":"https:\/\/www.stiftung-woeb.de\/en\/event-80-years-of-liberation-from-national-socialism\/","name":"Event \u201880 Years of Liberation from National Socialism\u2019 - Stiftung West-\u00d6stliche Begegnungen","isPartOf":{"@id":"https:\/\/www.stiftung-woeb.de\/en\/#website"},"primaryImageOfPage":{"@id":"https:\/\/www.stiftung-woeb.de\/en\/event-80-years-of-liberation-from-national-socialism\/#primaryimage"},"image":{"@id":"https:\/\/www.stiftung-woeb.de\/en\/event-80-years-of-liberation-from-national-socialism\/#primaryimage"},"thumbnailUrl":"https:\/\/www.stiftung-woeb.de\/wp-content\/uploads\/2025\/06\/80-Jahre-Fotos-9-scaled.jpg","datePublished":"2025-05-09T14:45:48+00:00","dateModified":"2025-07-27T17:24:13+00:00","author":{"@id":"https:\/\/www.stiftung-woeb.de\/en\/#\/schema\/person\/f8fd5d8c724ea80f31e782e3a0cbf17d"},"breadcrumb":{"@id":"https:\/\/www.stiftung-woeb.de\/en\/event-80-years-of-liberation-from-national-socialism\/#breadcrumb"},"inLanguage":"en-US","potentialAction":[{"@type":"ReadAction","target":["https:\/\/www.stiftung-woeb.de\/en\/event-80-years-of-liberation-from-national-socialism\/"]}]},{"@type":"ImageObject","inLanguage":"en-US","@id":"https:\/\/www.stiftung-woeb.de\/en\/event-80-years-of-liberation-from-national-socialism\/#primaryimage","url":"https:\/\/www.stiftung-woeb.de\/wp-content\/uploads\/2025\/06\/80-Jahre-Fotos-9-scaled.jpg","contentUrl":"https:\/\/www.stiftung-woeb.de\/wp-content\/uploads\/2025\/06\/80-Jahre-Fotos-9-scaled.jpg","width":2560,"height":1440},{"@type":"BreadcrumbList","@id":"https:\/\/www.stiftung-woeb.de\/en\/event-80-years-of-liberation-from-national-socialism\/#breadcrumb","itemListElement":[{"@type":"ListItem","position":1,"name":"Startseite","item":"https:\/\/www.stiftung-woeb.de\/en\/welcome\/"},{"@type":"ListItem","position":2,"name":"Event \u201880 Years of Liberation from National Socialism\u2019"}]},{"@type":"WebSite","@id":"https:\/\/www.stiftung-woeb.de\/en\/#website","url":"https:\/\/www.stiftung-woeb.de\/en\/","name":"Stiftung West-\u00d6stliche Begegnungen","description":"","potentialAction":[{"@type":"SearchAction","target":{"@type":"EntryPoint","urlTemplate":"https:\/\/www.stiftung-woeb.de\/en\/?s={search_term_string}"},"query-input":{"@type":"PropertyValueSpecification","valueRequired":true,"valueName":"search_term_string"}}],"inLanguage":"en-US"},{"@type":"Person","@id":"https:\/\/www.stiftung-woeb.de\/en\/#\/schema\/person\/f8fd5d8c724ea80f31e782e3a0cbf17d","name":"SW\u00d6B","image":{"@type":"ImageObject","inLanguage":"en-US","@id":"https:\/\/www.stiftung-woeb.de\/en\/#\/schema\/person\/image\/","url":"https:\/\/secure.gravatar.com\/avatar\/6c19793d4bc5eb81f83be200f8a85050a8aca04981ea912441dab23f5fedd739?s=96&d=mm&r=g","contentUrl":"https:\/\/secure.gravatar.com\/avatar\/6c19793d4bc5eb81f83be200f8a85050a8aca04981ea912441dab23f5fedd739?s=96&d=mm&r=g","caption":"SW\u00d6B"},"url":"https:\/\/www.stiftung-woeb.de\/en\/author\/alina-vedmedyevastiftung-woeb-de\/"}]}},"_links":{"self":[{"href":"https:\/\/www.stiftung-woeb.de\/en\/wp-json\/wp\/v2\/posts\/7009","targetHints":{"allow":["GET"]}}],"collection":[{"href":"https:\/\/www.stiftung-woeb.de\/en\/wp-json\/wp\/v2\/posts"}],"about":[{"href":"https:\/\/www.stiftung-woeb.de\/en\/wp-json\/wp\/v2\/types\/post"}],"author":[{"embeddable":true,"href":"https:\/\/www.stiftung-woeb.de\/en\/wp-json\/wp\/v2\/users\/5"}],"replies":[{"embeddable":true,"href":"https:\/\/www.stiftung-woeb.de\/en\/wp-json\/wp\/v2\/comments?post=7009"}],"version-history":[{"count":2,"href":"https:\/\/www.stiftung-woeb.de\/en\/wp-json\/wp\/v2\/posts\/7009\/revisions"}],"predecessor-version":[{"id":7011,"href":"https:\/\/www.stiftung-woeb.de\/en\/wp-json\/wp\/v2\/posts\/7009\/revisions\/7011"}],"wp:featuredmedia":[{"embeddable":true,"href":"https:\/\/www.stiftung-woeb.de\/en\/wp-json\/wp\/v2\/media\/6982"}],"wp:attachment":[{"href":"https:\/\/www.stiftung-woeb.de\/en\/wp-json\/wp\/v2\/media?parent=7009"}],"wp:term":[{"taxonomy":"category","embeddable":true,"href":"https:\/\/www.stiftung-woeb.de\/en\/wp-json\/wp\/v2\/categories?post=7009"},{"taxonomy":"post_tag","embeddable":true,"href":"https:\/\/www.stiftung-woeb.de\/en\/wp-json\/wp\/v2\/tags?post=7009"}],"curies":[{"name":"wp","href":"https:\/\/api.w.org\/{rel}","templated":true}]}}