{"id":7012,"date":"2025-05-08T16:12:34","date_gmt":"2025-05-08T14:12:34","guid":{"rendered":"https:\/\/www.stiftung-woeb.de\/80-years-of-liberation-from-national-socialism-80-years-of-the-end-of-the-second-world-war\/"},"modified":"2025-09-15T12:43:55","modified_gmt":"2025-09-15T10:43:55","slug":"80-years-of-liberation-from-national-socialism-80-years-of-the-end-of-the-second-world-war","status":"publish","type":"post","link":"https:\/\/www.stiftung-woeb.de\/en\/80-years-of-liberation-from-national-socialism-80-years-of-the-end-of-the-second-world-war\/","title":{"rendered":"80 years of liberation from National Socialism &#8211; 80 years of the end of the Second World War"},"content":{"rendered":"<p>[et_pb_section fb_built=&#8221;1&#8243; _builder_version=&#8221;4.16&#8243; global_colors_info=&#8221;{}&#8221;][et_pb_row _builder_version=&#8221;4.27.4&#8243; _module_preset=&#8221;default&#8221; global_colors_info=&#8221;{}&#8221;][et_pb_column type=&#8221;4_4&#8243; _builder_version=&#8221;4.27.4&#8243; _module_preset=&#8221;default&#8221; global_colors_info=&#8221;{}&#8221;][et_pb_text _builder_version=&#8221;4.27.4&#8243; _module_preset=&#8221;default&#8221; global_colors_info=&#8221;{}&#8221;]<\/p>\n<p><span class=\"break-words tvm-parent-container\"><span dir=\"ltr\">To mark this historic date, the West-Eastern Encounters Foundation remembers the victims and acknowledges the ongoing responsibility that it represents.<\/span><\/span><\/p>\n<p>Over 60 million people lost their lives in the Second World War, most of whom were civilians and military personnel from the former Soviet Union. Their experiences and suffering are an integral part of Europe&#8217;s collective memory. <\/p>\n<p>[\/et_pb_text][\/et_pb_column][\/et_pb_row][et_pb_row _builder_version=&#8221;4.27.2&#8243; _module_preset=&#8221;default&#8221; global_colors_info=&#8221;{}&#8221;][et_pb_column type=&#8221;4_4&#8243; _builder_version=&#8221;4.27.2&#8243; _module_preset=&#8221;default&#8221; global_colors_info=&#8221;{}&#8221;][\/et_pb_column][\/et_pb_row][\/et_pb_section]<\/p>\n","protected":false},"excerpt":{"rendered":"<p>To mark this historic date, the West-Eastern Encounters Foundation remembers the victims and acknowledges the ongoing responsibility that it represents.<\/p>\n","protected":false},"author":5,"featured_media":7286,"comment_status":"closed","ping_status":"closed","sticky":false,"template":"","format":"standard","meta":{"_et_pb_use_builder":"on","_et_pb_old_content":"<p>Wir laden Sie herzlich zum dreit\u00e4gigen Begegnungsformat mit etwa 120 deutschen und zentralasiatischen Teilnehmenden ein, dem<\/p><p><strong>Partnerschaftsforum Deutschland-Zentralasien vom 25. bis 27. November 2024 in Berlin.<\/strong><\/p><p>Das Forum richtet sich an Vertreterinnen und Vertreter der Zivilgesellschaft, an Initiativen sowie an Interessierte aus Deutschland und den L\u00e4ndern Zentralasiens. Als Teilnehmende haben Sie Gelegenheit neue Projektpartnerinnen und -partner kennen zu lernen, bestehende Kooperationen zu st\u00e4rken und sich allgemein \u00fcber die deutsch-zentralasiatische zwischengesellschaftliche Arbeit zu informieren. Gern k\u00f6nnen Sie sich auch mit einem Redebeitrag, z. B. zur Vorstellung eines laufenden Projektes oder einer Projektidee, aktiv einbringen. Schwerpunktthemen sind (1) Frauen und Bildung, (2) Umwelt und Gesundheit sowie (3) Kultur und Soziales. Querschnittsthema in allen Bereichen ist der Jugendaustausch.<\/p><p>\u00a0<\/p><p>\u00a0<\/p><p>Das Forum wird organisiert von der Stiftung West-\u00d6stliche Begegnungen und gef\u00f6rdert aus Mitteln des Ausw\u00e4rtigen Amts und aus Stiftungsmitteln. Die Stiftung f\u00f6rdert zivilgesellschaftliche Projekte, Begegnungen und die Zusammenarbeit zwischen Initiativen aus Deutschland und den L\u00e4ndern Osteuropas, Zentralasiens, des S\u00fcdkaukasus und des Baltikums. <em>\u00a0<\/em><\/p><p>Die Konferenzkosten werden von der Stiftung West-\u00d6stliche Begegnungen getragen. Eine \u00dcbernahme der Reise- und Aufenthaltskosten durch die Stiftung ist bei entsprechendem Bedarf und nach Pr\u00fcfung m\u00f6glich.<\/p><p>Bitte registrieren Sie sich bei Interesse bis Freitag, den 21. Juni 2024, mit unserem Registrierungsformular unter folgendem Link oder mit dem nachfolgenden QR-Code.<\/p><p>Leiten Sie die Einladung gerne an Interessierte weiter. Hier k\u00f6nnen Sie stets das aktuelle Programm abrufen.<\/p><p>Wir freuen uns auf den Austausch und auf m\u00f6gliche k\u00fcnftige Kooperationen!<\/p><p>Mit freundlichen Gr\u00fc\u00dfen<\/p><p>Alexandra Majorov<\/p><p>Projektkoordinatorin<br \/>Stiftung West-\u00d6stliche Begegnungen<\/p><p>Tel.: +49 30 20911881<br \/><a href=\"mailto:Alexandra.Majorov@stiftung-woeb.de\">Alexandra.Majorov@stiftung-woeb.de<\/a><\/p>","_et_gb_content_width":"","footnotes":""},"categories":[22],"tags":[],"class_list":["post-7012","post","type-post","status-publish","format-standard","has-post-thumbnail","hentry","category-review"],"yoast_head":"<!-- This site is optimized with the Yoast SEO plugin v26.0 - https:\/\/yoast.com\/wordpress\/plugins\/seo\/ -->\n<title>80 years of liberation from National Socialism - 80 years of the end of the Second World War - Stiftung West-\u00d6stliche Begegnungen<\/title>\n<meta name=\"robots\" content=\"index, follow, max-snippet:-1, max-image-preview:large, max-video-preview:-1\" \/>\n<link rel=\"canonical\" href=\"https:\/\/www.stiftung-woeb.de\/en\/80-years-of-liberation-from-national-socialism-80-years-of-the-end-of-the-second-world-war\/\" \/>\n<meta property=\"og:locale\" content=\"en_US\" \/>\n<meta property=\"og:type\" content=\"article\" \/>\n<meta property=\"og:title\" content=\"80 years of liberation from National Socialism - 80 years of the end of the Second World War - Stiftung West-\u00d6stliche Begegnungen\" \/>\n<meta property=\"og:description\" content=\"To mark this historic date, the West-Eastern Encounters Foundation remembers the victims and acknowledges the ongoing responsibility that it represents.\" \/>\n<meta property=\"og:url\" content=\"https:\/\/www.stiftung-woeb.de\/en\/80-years-of-liberation-from-national-socialism-80-years-of-the-end-of-the-second-world-war\/\" \/>\n<meta property=\"og:site_name\" content=\"Stiftung West-\u00d6stliche Begegnungen\" \/>\n<meta property=\"article:published_time\" content=\"2025-05-08T14:12:34+00:00\" \/>\n<meta property=\"article:modified_time\" content=\"2025-09-15T10:43:55+00:00\" \/>\n<meta property=\"og:image\" content=\"https:\/\/www.stiftung-woeb.de\/wp-content\/uploads\/2025\/07\/logo-english-1.png\" \/>\n\t<meta property=\"og:image:width\" content=\"400\" \/>\n\t<meta property=\"og:image:height\" content=\"115\" \/>\n\t<meta property=\"og:image:type\" content=\"image\/png\" \/>\n<meta name=\"author\" content=\"SW\u00d6B\" \/>\n<meta name=\"twitter:card\" content=\"summary_large_image\" \/>\n<meta name=\"twitter:label1\" content=\"Written by\" \/>\n\t<meta name=\"twitter:data1\" content=\"SW\u00d6B\" \/>\n\t<meta name=\"twitter:label2\" content=\"Est. reading time\" \/>\n\t<meta name=\"twitter:data2\" content=\"1 minute\" \/>\n<script type=\"application\/ld+json\" class=\"yoast-schema-graph\">{\"@context\":\"https:\/\/schema.org\",\"@graph\":[{\"@type\":\"WebPage\",\"@id\":\"https:\/\/www.stiftung-woeb.de\/en\/80-years-of-liberation-from-national-socialism-80-years-of-the-end-of-the-second-world-war\/\",\"url\":\"https:\/\/www.stiftung-woeb.de\/en\/80-years-of-liberation-from-national-socialism-80-years-of-the-end-of-the-second-world-war\/\",\"name\":\"80 years of liberation from National Socialism - 80 years of the end of the Second World War - Stiftung West-\u00d6stliche Begegnungen\",\"isPartOf\":{\"@id\":\"https:\/\/www.stiftung-woeb.de\/en\/#website\"},\"primaryImageOfPage\":{\"@id\":\"https:\/\/www.stiftung-woeb.de\/en\/80-years-of-liberation-from-national-socialism-80-years-of-the-end-of-the-second-world-war\/#primaryimage\"},\"image\":{\"@id\":\"https:\/\/www.stiftung-woeb.de\/en\/80-years-of-liberation-from-national-socialism-80-years-of-the-end-of-the-second-world-war\/#primaryimage\"},\"thumbnailUrl\":\"https:\/\/www.stiftung-woeb.de\/wp-content\/uploads\/2025\/07\/logo-english-1.png\",\"datePublished\":\"2025-05-08T14:12:34+00:00\",\"dateModified\":\"2025-09-15T10:43:55+00:00\",\"author\":{\"@id\":\"https:\/\/www.stiftung-woeb.de\/en\/#\/schema\/person\/f8fd5d8c724ea80f31e782e3a0cbf17d\"},\"breadcrumb\":{\"@id\":\"https:\/\/www.stiftung-woeb.de\/en\/80-years-of-liberation-from-national-socialism-80-years-of-the-end-of-the-second-world-war\/#breadcrumb\"},\"inLanguage\":\"en-US\",\"potentialAction\":[{\"@type\":\"ReadAction\",\"target\":[\"https:\/\/www.stiftung-woeb.de\/en\/80-years-of-liberation-from-national-socialism-80-years-of-the-end-of-the-second-world-war\/\"]}]},{\"@type\":\"ImageObject\",\"inLanguage\":\"en-US\",\"@id\":\"https:\/\/www.stiftung-woeb.de\/en\/80-years-of-liberation-from-national-socialism-80-years-of-the-end-of-the-second-world-war\/#primaryimage\",\"url\":\"https:\/\/www.stiftung-woeb.de\/wp-content\/uploads\/2025\/07\/logo-english-1.png\",\"contentUrl\":\"https:\/\/www.stiftung-woeb.de\/wp-content\/uploads\/2025\/07\/logo-english-1.png\",\"width\":400,\"height\":115},{\"@type\":\"BreadcrumbList\",\"@id\":\"https:\/\/www.stiftung-woeb.de\/en\/80-years-of-liberation-from-national-socialism-80-years-of-the-end-of-the-second-world-war\/#breadcrumb\",\"itemListElement\":[{\"@type\":\"ListItem\",\"position\":1,\"name\":\"Startseite\",\"item\":\"https:\/\/www.stiftung-woeb.de\/en\/welcome\/\"},{\"@type\":\"ListItem\",\"position\":2,\"name\":\"80 years of liberation from National Socialism &#8211; 80 years of the end of the Second World War\"}]},{\"@type\":\"WebSite\",\"@id\":\"https:\/\/www.stiftung-woeb.de\/en\/#website\",\"url\":\"https:\/\/www.stiftung-woeb.de\/en\/\",\"name\":\"Stiftung West-\u00d6stliche Begegnungen\",\"description\":\"\",\"potentialAction\":[{\"@type\":\"SearchAction\",\"target\":{\"@type\":\"EntryPoint\",\"urlTemplate\":\"https:\/\/www.stiftung-woeb.de\/en\/?s={search_term_string}\"},\"query-input\":{\"@type\":\"PropertyValueSpecification\",\"valueRequired\":true,\"valueName\":\"search_term_string\"}}],\"inLanguage\":\"en-US\"},{\"@type\":\"Person\",\"@id\":\"https:\/\/www.stiftung-woeb.de\/en\/#\/schema\/person\/f8fd5d8c724ea80f31e782e3a0cbf17d\",\"name\":\"SW\u00d6B\",\"image\":{\"@type\":\"ImageObject\",\"inLanguage\":\"en-US\",\"@id\":\"https:\/\/www.stiftung-woeb.de\/en\/#\/schema\/person\/image\/\",\"url\":\"https:\/\/secure.gravatar.com\/avatar\/6c19793d4bc5eb81f83be200f8a85050a8aca04981ea912441dab23f5fedd739?s=96&d=mm&r=g\",\"contentUrl\":\"https:\/\/secure.gravatar.com\/avatar\/6c19793d4bc5eb81f83be200f8a85050a8aca04981ea912441dab23f5fedd739?s=96&d=mm&r=g\",\"caption\":\"SW\u00d6B\"},\"url\":\"https:\/\/www.stiftung-woeb.de\/en\/author\/alina-vedmedyevastiftung-woeb-de\/\"}]}<\/script>\n<!-- \/ Yoast SEO plugin. -->","yoast_head_json":{"title":"80 years of liberation from National Socialism - 80 years of the end of the Second World War - Stiftung West-\u00d6stliche Begegnungen","robots":{"index":"index","follow":"follow","max-snippet":"max-snippet:-1","max-image-preview":"max-image-preview:large","max-video-preview":"max-video-preview:-1"},"canonical":"https:\/\/www.stiftung-woeb.de\/en\/80-years-of-liberation-from-national-socialism-80-years-of-the-end-of-the-second-world-war\/","og_locale":"en_US","og_type":"article","og_title":"80 years of liberation from National Socialism - 80 years of the end of the Second World War - Stiftung West-\u00d6stliche Begegnungen","og_description":"To mark this historic date, the West-Eastern Encounters Foundation remembers the victims and acknowledges the ongoing responsibility that it represents.","og_url":"https:\/\/www.stiftung-woeb.de\/en\/80-years-of-liberation-from-national-socialism-80-years-of-the-end-of-the-second-world-war\/","og_site_name":"Stiftung West-\u00d6stliche Begegnungen","article_published_time":"2025-05-08T14:12:34+00:00","article_modified_time":"2025-09-15T10:43:55+00:00","og_image":[{"width":400,"height":115,"url":"https:\/\/www.stiftung-woeb.de\/wp-content\/uploads\/2025\/07\/logo-english-1.png","type":"image\/png"}],"author":"SW\u00d6B","twitter_card":"summary_large_image","twitter_misc":{"Written by":"SW\u00d6B","Est. reading time":"1 minute"},"schema":{"@context":"https:\/\/schema.org","@graph":[{"@type":"WebPage","@id":"https:\/\/www.stiftung-woeb.de\/en\/80-years-of-liberation-from-national-socialism-80-years-of-the-end-of-the-second-world-war\/","url":"https:\/\/www.stiftung-woeb.de\/en\/80-years-of-liberation-from-national-socialism-80-years-of-the-end-of-the-second-world-war\/","name":"80 years of liberation from National Socialism - 80 years of the end of the Second World War - Stiftung West-\u00d6stliche Begegnungen","isPartOf":{"@id":"https:\/\/www.stiftung-woeb.de\/en\/#website"},"primaryImageOfPage":{"@id":"https:\/\/www.stiftung-woeb.de\/en\/80-years-of-liberation-from-national-socialism-80-years-of-the-end-of-the-second-world-war\/#primaryimage"},"image":{"@id":"https:\/\/www.stiftung-woeb.de\/en\/80-years-of-liberation-from-national-socialism-80-years-of-the-end-of-the-second-world-war\/#primaryimage"},"thumbnailUrl":"https:\/\/www.stiftung-woeb.de\/wp-content\/uploads\/2025\/07\/logo-english-1.png","datePublished":"2025-05-08T14:12:34+00:00","dateModified":"2025-09-15T10:43:55+00:00","author":{"@id":"https:\/\/www.stiftung-woeb.de\/en\/#\/schema\/person\/f8fd5d8c724ea80f31e782e3a0cbf17d"},"breadcrumb":{"@id":"https:\/\/www.stiftung-woeb.de\/en\/80-years-of-liberation-from-national-socialism-80-years-of-the-end-of-the-second-world-war\/#breadcrumb"},"inLanguage":"en-US","potentialAction":[{"@type":"ReadAction","target":["https:\/\/www.stiftung-woeb.de\/en\/80-years-of-liberation-from-national-socialism-80-years-of-the-end-of-the-second-world-war\/"]}]},{"@type":"ImageObject","inLanguage":"en-US","@id":"https:\/\/www.stiftung-woeb.de\/en\/80-years-of-liberation-from-national-socialism-80-years-of-the-end-of-the-second-world-war\/#primaryimage","url":"https:\/\/www.stiftung-woeb.de\/wp-content\/uploads\/2025\/07\/logo-english-1.png","contentUrl":"https:\/\/www.stiftung-woeb.de\/wp-content\/uploads\/2025\/07\/logo-english-1.png","width":400,"height":115},{"@type":"BreadcrumbList","@id":"https:\/\/www.stiftung-woeb.de\/en\/80-years-of-liberation-from-national-socialism-80-years-of-the-end-of-the-second-world-war\/#breadcrumb","itemListElement":[{"@type":"ListItem","position":1,"name":"Startseite","item":"https:\/\/www.stiftung-woeb.de\/en\/welcome\/"},{"@type":"ListItem","position":2,"name":"80 years of liberation from National Socialism &#8211; 80 years of the end of the Second World War"}]},{"@type":"WebSite","@id":"https:\/\/www.stiftung-woeb.de\/en\/#website","url":"https:\/\/www.stiftung-woeb.de\/en\/","name":"Stiftung West-\u00d6stliche Begegnungen","description":"","potentialAction":[{"@type":"SearchAction","target":{"@type":"EntryPoint","urlTemplate":"https:\/\/www.stiftung-woeb.de\/en\/?s={search_term_string}"},"query-input":{"@type":"PropertyValueSpecification","valueRequired":true,"valueName":"search_term_string"}}],"inLanguage":"en-US"},{"@type":"Person","@id":"https:\/\/www.stiftung-woeb.de\/en\/#\/schema\/person\/f8fd5d8c724ea80f31e782e3a0cbf17d","name":"SW\u00d6B","image":{"@type":"ImageObject","inLanguage":"en-US","@id":"https:\/\/www.stiftung-woeb.de\/en\/#\/schema\/person\/image\/","url":"https:\/\/secure.gravatar.com\/avatar\/6c19793d4bc5eb81f83be200f8a85050a8aca04981ea912441dab23f5fedd739?s=96&d=mm&r=g","contentUrl":"https:\/\/secure.gravatar.com\/avatar\/6c19793d4bc5eb81f83be200f8a85050a8aca04981ea912441dab23f5fedd739?s=96&d=mm&r=g","caption":"SW\u00d6B"},"url":"https:\/\/www.stiftung-woeb.de\/en\/author\/alina-vedmedyevastiftung-woeb-de\/"}]}},"_links":{"self":[{"href":"https:\/\/www.stiftung-woeb.de\/en\/wp-json\/wp\/v2\/posts\/7012","targetHints":{"allow":["GET"]}}],"collection":[{"href":"https:\/\/www.stiftung-woeb.de\/en\/wp-json\/wp\/v2\/posts"}],"about":[{"href":"https:\/\/www.stiftung-woeb.de\/en\/wp-json\/wp\/v2\/types\/post"}],"author":[{"embeddable":true,"href":"https:\/\/www.stiftung-woeb.de\/en\/wp-json\/wp\/v2\/users\/5"}],"replies":[{"embeddable":true,"href":"https:\/\/www.stiftung-woeb.de\/en\/wp-json\/wp\/v2\/comments?post=7012"}],"version-history":[{"count":6,"href":"https:\/\/www.stiftung-woeb.de\/en\/wp-json\/wp\/v2\/posts\/7012\/revisions"}],"predecessor-version":[{"id":7497,"href":"https:\/\/www.stiftung-woeb.de\/en\/wp-json\/wp\/v2\/posts\/7012\/revisions\/7497"}],"wp:featuredmedia":[{"embeddable":true,"href":"https:\/\/www.stiftung-woeb.de\/en\/wp-json\/wp\/v2\/media\/7286"}],"wp:attachment":[{"href":"https:\/\/www.stiftung-woeb.de\/en\/wp-json\/wp\/v2\/media?parent=7012"}],"wp:term":[{"taxonomy":"category","embeddable":true,"href":"https:\/\/www.stiftung-woeb.de\/en\/wp-json\/wp\/v2\/categories?post=7012"},{"taxonomy":"post_tag","embeddable":true,"href":"https:\/\/www.stiftung-woeb.de\/en\/wp-json\/wp\/v2\/tags?post=7012"}],"curies":[{"name":"wp","href":"https:\/\/api.w.org\/{rel}","templated":true}]}}