{"id":7043,"date":"2024-06-20T14:33:24","date_gmt":"2024-06-20T12:33:24","guid":{"rendered":"https:\/\/www.stiftung-woeb.de\/30-years-of-the-west-eastern-encounters-foundation\/"},"modified":"2025-07-23T10:16:16","modified_gmt":"2025-07-23T08:16:16","slug":"30-years-of-the-west-eastern-encounters-foundation","status":"publish","type":"post","link":"https:\/\/www.stiftung-woeb.de\/en\/30-years-of-the-west-eastern-encounters-foundation\/","title":{"rendered":"30 years of the West-Eastern Encounters Foundation"},"content":{"rendered":"<p>[et_pb_section fb_built=&#8221;1&#8243; _builder_version=&#8221;4.20.0&#8243; _module_preset=&#8221;default&#8221; global_colors_info=&#8221;{}&#8221;][et_pb_row _builder_version=&#8221;4.24.0&#8243; _module_preset=&#8221;default&#8221; global_colors_info=&#8221;{}&#8221;][et_pb_column type=&#8221;4_4&#8243; _builder_version=&#8221;4.16&#8243; custom_padding=&#8221;|||&#8221; global_colors_info=&#8221;{}&#8221; custom_padding__hover=&#8221;|||&#8221;][et_pb_text admin_label=&#8221;Text&#8221; _builder_version=&#8221;4.25.0&#8243; _module_preset=&#8221;default&#8221; vertical_offset_tablet=&#8221;0&#8243; horizontal_offset_tablet=&#8221;0&#8243; hover_enabled=&#8221;0&#8243; z_index_tablet=&#8221;0&#8243; text_text_shadow_horizontal_length_tablet=&#8221;0px&#8221; text_text_shadow_vertical_length_tablet=&#8221;0px&#8221; text_text_shadow_blur_strength_tablet=&#8221;1px&#8221; link_text_shadow_horizontal_length_tablet=&#8221;0px&#8221; link_text_shadow_vertical_length_tablet=&#8221;0px&#8221; link_text_shadow_blur_strength_tablet=&#8221;1px&#8221; ul_text_shadow_horizontal_length_tablet=&#8221;0px&#8221; ul_text_shadow_vertical_length_tablet=&#8221;0px&#8221; ul_text_shadow_blur_strength_tablet=&#8221;1px&#8221; ol_text_shadow_horizontal_length_tablet=&#8221;0px&#8221; ol_text_shadow_vertical_length_tablet=&#8221;0px&#8221; ol_text_shadow_blur_strength_tablet=&#8221;1px&#8221; quote_text_shadow_horizontal_length_tablet=&#8221;0px&#8221; quote_text_shadow_vertical_length_tablet=&#8221;0px&#8221; quote_text_shadow_blur_strength_tablet=&#8221;1px&#8221; header_text_shadow_horizontal_length_tablet=&#8221;0px&#8221; header_text_shadow_vertical_length_tablet=&#8221;0px&#8221; header_text_shadow_blur_strength_tablet=&#8221;1px&#8221; header_2_text_shadow_horizontal_length_tablet=&#8221;0px&#8221; header_2_text_shadow_vertical_length_tablet=&#8221;0px&#8221; header_2_text_shadow_blur_strength_tablet=&#8221;1px&#8221; header_3_text_shadow_horizontal_length_tablet=&#8221;0px&#8221; header_3_text_shadow_vertical_length_tablet=&#8221;0px&#8221; header_3_text_shadow_blur_strength_tablet=&#8221;1px&#8221; header_4_text_shadow_horizontal_length_tablet=&#8221;0px&#8221; header_4_text_shadow_vertical_length_tablet=&#8221;0px&#8221; header_4_text_shadow_blur_strength_tablet=&#8221;1px&#8221; header_5_text_shadow_horizontal_length_tablet=&#8221;0px&#8221; header_5_text_shadow_vertical_length_tablet=&#8221;0px&#8221; header_5_text_shadow_blur_strength_tablet=&#8221;1px&#8221; header_6_text_shadow_horizontal_length_tablet=&#8221;0px&#8221; header_6_text_shadow_vertical_length_tablet=&#8221;0px&#8221; header_6_text_shadow_blur_strength_tablet=&#8221;1px&#8221; box_shadow_horizontal_tablet=&#8221;0px&#8221; box_shadow_vertical_tablet=&#8221;0px&#8221; box_shadow_blur_tablet=&#8221;40px&#8221; box_shadow_spread_tablet=&#8221;0px&#8221; global_colors_info=&#8221;{}&#8221; sticky_enabled=&#8221;0&#8243;]<\/p>\n<p>On 19 June 2024, the West-Eastern Encounters Foundation celebrated its 30th anniversary in Berlin, with more than 140 guests in attendance. elena Hoffmann, Chairwoman of the Board of the West-Eastern Encounters Foundation, gave the welcome address, which was followed by welcome words from Robin Wagener MP, Coordinator for Inter-Societal Cooperation with the Southern Caucasus, the Republic of Moldova and Central Asia; H.E. Nurlan Onzhanov, Ambassador Extraordinary and Plenipotentiary of the Republic of Kazakhstan to Germany; and Matthias Platzeck, former Prime Minister.<\/p>\n<p>During the event, long-standing supporters of the foundation also shared their experiences. Cyrill Pech, a retired pastor, and Peter Franke, the chairman of the Federal Association of German West-East Societies (BDWO), who have supported and influenced the foundation for many years, shared their personal stories and memories. Cyrill Pech, Pfarrer i.R. und Peter Franke, Vorsitzender des Bundesverbandes Deutscher West-Ost-Gesellschaften (BDWO), die die Stiftung \u00fcber viele Jahre begleitet und gepr\u00e4gt haben, teilten ihre pers\u00f6nlichen Geschichten und Erinnerungen.<br \/>Im Anschluss hatten die G\u00e4ste die Gelegenheit zwei unterschiedliche Projektinitiativen kennenzulernen, die in den letzten Jahren u.a. durch die Unterst\u00fctzung der Stiftung realisiert werden konnten.  Afterwards, the guests had the opportunity to learn about two project initiatives that have been realised in recent years, partly thanks to the foundation&#8217;s support. Claudia Ram\u00fcnke and Annika Dechow, teachers at the Theodor Heuss School in Pinneberg, reported on their long-standing school partnership with Ukraine, providing insights into current challenges and progress. <br \/>Louise Amelie, Darja Nesterowa and Andreas Bauer, the founders of the association ArtCity e.V., gave a fascinating insight into their project work in Ukraine. The founders of ArtCity e.V., Louise Amelie, Darja Nesterowa and Andreas Bauer, provided a fascinating insight into their projects in Berlin and Kyrgyzstan. These initiatives aim to foster closer ties between people in Germany and Kyrgyzstan through cultural and artistic activities. The focus is on dialogue and exchange to promote better mutual understanding and a deeper connection between the two cultures. Der Fokus liegt dabei auf Dialog und Austausch, um ein besseres gegenseitiges Verst\u00e4ndnis und eine tiefere Verbindung zwischen den Kulturen zu f\u00f6rdern. <\/p>\n<p>Another highlight of the evening was the appearance of the renowned author Wladimir Kaminer. With his unmistakable humour and precise observations, he told stories that made the audience both laugh and think. He shed light on the challenges and benefits of intercultural exchange, sharing his insights on the relationship between East and West. Durch seinen unverwechselbaren Humor und pr\u00e4zise Beobachtungen erz\u00e4hlte Wladimir Kaminer Geschichten, die die Zuh\u00f6rer zum Lachen und Nachdenken brachten. Er beleuchtete die Herausforderungen und Bereicherungen des interkulturellen Austauschs und teilte seine Perspektiven auf die Beziehungen zwischen Ost und West.  <\/p>\n<p>The discussions were moderated by Irina Peter, a freelance journalist, author and podcaster (Steppenkinder).<\/p>\n<p>Mira Tulenova, a Kazakh flautist, provided musical accompaniment for the evening, creating a special atmosphere in the hall with her renditions of \u2018Korugly\u2019 by Dauletkerey and \u2018Karakemer\u2019 by Kuat Shildebayev.<\/p>\n<p>The celebration concluded with an opportunity for guests to socialise and celebrate the foundation&#8217;s 30th anniversary.<\/p>\n<p>The foundation would like to thank all the guests, sponsors and partners who joined us in celebrating this special day. We look forward to more interesting encounters and successful projects in the future. Wir freuen uns auf weitere interessante Begegnungen und erfolgreiche Projekte. <\/p>\n<p>[\/et_pb_text][\/et_pb_column][\/et_pb_row][et_pb_row _builder_version=&#8221;4.24.0&#8243; _module_preset=&#8221;default&#8221; global_colors_info=&#8221;{}&#8221;][et_pb_column type=&#8221;4_4&#8243; _builder_version=&#8221;4.16&#8243; custom_padding=&#8221;|||&#8221; global_colors_info=&#8221;{}&#8221; custom_padding__hover=&#8221;|||&#8221;][et_pb_gallery gallery_ids=&#8221;4669,4676,4675,4677,4678,4670,4686,4681,4715,4682,4672,4714,4674,4690,4684,4689,4680,4685,4712,4713&#8243; posts_number=&#8221;20&#8243; show_title_and_caption=&#8221;off&#8221; show_pagination=&#8221;off&#8221; _builder_version=&#8221;4.25.0&#8243; _module_preset=&#8221;default&#8221; global_colors_info=&#8221;{}&#8221;][\/et_pb_gallery][et_pb_blurb _builder_version=&#8221;4.25.0&#8243; _module_preset=&#8221;default&#8221; global_colors_info=&#8221;{}&#8221;](c) Photos: Sascha Radke<br \/>\n[\/et_pb_blurb][\/et_pb_column][\/et_pb_row][\/et_pb_section]<\/p>\n","protected":false},"excerpt":{"rendered":"<p>On 19 June 2024, the West-Eastern Encounters Foundation celebrated its 30th anniversary with a festive event in Berlin. More than 140 guests came together to honour this special occasion and reflect on the past three decades. <\/p>\n","protected":false},"author":5,"featured_media":6833,"comment_status":"closed","ping_status":"closed","sticky":false,"template":"","format":"standard","meta":{"_et_pb_use_builder":"on","_et_pb_old_content":"","_et_gb_content_width":"","footnotes":""},"categories":[23,22],"tags":[],"class_list":["post-7043","post","type-post","status-publish","format-standard","has-post-thumbnail","hentry","category-foundation-and-cooperation-projects","category-review"],"yoast_head":"<!-- This site is optimized with the Yoast SEO plugin v26.0 - https:\/\/yoast.com\/wordpress\/plugins\/seo\/ -->\n<title>30 years of the West-Eastern Encounters Foundation - Stiftung West-\u00d6stliche Begegnungen<\/title>\n<meta name=\"robots\" content=\"index, follow, max-snippet:-1, max-image-preview:large, max-video-preview:-1\" \/>\n<link rel=\"canonical\" href=\"https:\/\/www.stiftung-woeb.de\/en\/30-years-of-the-west-eastern-encounters-foundation\/\" \/>\n<meta property=\"og:locale\" content=\"en_US\" \/>\n<meta property=\"og:type\" content=\"article\" \/>\n<meta property=\"og:title\" content=\"30 years of the West-Eastern Encounters Foundation - Stiftung West-\u00d6stliche Begegnungen\" \/>\n<meta property=\"og:description\" content=\"On 19 June 2024, the West-Eastern Encounters Foundation celebrated its 30th anniversary with a festive event in Berlin. More than 140 guests came together to honour this special occasion and reflect on the past three decades.\" \/>\n<meta property=\"og:url\" content=\"https:\/\/www.stiftung-woeb.de\/en\/30-years-of-the-west-eastern-encounters-foundation\/\" \/>\n<meta property=\"og:site_name\" content=\"Stiftung West-\u00d6stliche Begegnungen\" \/>\n<meta property=\"article:published_time\" content=\"2024-06-20T12:33:24+00:00\" \/>\n<meta property=\"article:modified_time\" content=\"2025-07-23T08:16:16+00:00\" \/>\n<meta property=\"og:image\" content=\"https:\/\/www.stiftung-woeb.de\/wp-content\/uploads\/2024\/06\/WOB_2024_30_116-scaled.jpg\" \/>\n\t<meta property=\"og:image:width\" content=\"2560\" \/>\n\t<meta property=\"og:image:height\" content=\"1707\" \/>\n\t<meta property=\"og:image:type\" content=\"image\/jpeg\" \/>\n<meta name=\"author\" content=\"SW\u00d6B\" \/>\n<meta name=\"twitter:card\" content=\"summary_large_image\" \/>\n<meta name=\"twitter:label1\" content=\"Written by\" \/>\n\t<meta name=\"twitter:data1\" content=\"SW\u00d6B\" \/>\n\t<meta name=\"twitter:label2\" content=\"Est. reading time\" \/>\n\t<meta name=\"twitter:data2\" content=\"5 minutes\" \/>\n<script type=\"application\/ld+json\" class=\"yoast-schema-graph\">{\"@context\":\"https:\/\/schema.org\",\"@graph\":[{\"@type\":\"WebPage\",\"@id\":\"https:\/\/www.stiftung-woeb.de\/en\/30-years-of-the-west-eastern-encounters-foundation\/\",\"url\":\"https:\/\/www.stiftung-woeb.de\/en\/30-years-of-the-west-eastern-encounters-foundation\/\",\"name\":\"30 years of the West-Eastern Encounters Foundation - Stiftung West-\u00d6stliche Begegnungen\",\"isPartOf\":{\"@id\":\"https:\/\/www.stiftung-woeb.de\/en\/#website\"},\"primaryImageOfPage\":{\"@id\":\"https:\/\/www.stiftung-woeb.de\/en\/30-years-of-the-west-eastern-encounters-foundation\/#primaryimage\"},\"image\":{\"@id\":\"https:\/\/www.stiftung-woeb.de\/en\/30-years-of-the-west-eastern-encounters-foundation\/#primaryimage\"},\"thumbnailUrl\":\"https:\/\/www.stiftung-woeb.de\/wp-content\/uploads\/2024\/06\/WOB_2024_30_116-scaled.jpg\",\"datePublished\":\"2024-06-20T12:33:24+00:00\",\"dateModified\":\"2025-07-23T08:16:16+00:00\",\"author\":{\"@id\":\"https:\/\/www.stiftung-woeb.de\/en\/#\/schema\/person\/f8fd5d8c724ea80f31e782e3a0cbf17d\"},\"breadcrumb\":{\"@id\":\"https:\/\/www.stiftung-woeb.de\/en\/30-years-of-the-west-eastern-encounters-foundation\/#breadcrumb\"},\"inLanguage\":\"en-US\",\"potentialAction\":[{\"@type\":\"ReadAction\",\"target\":[\"https:\/\/www.stiftung-woeb.de\/en\/30-years-of-the-west-eastern-encounters-foundation\/\"]}]},{\"@type\":\"ImageObject\",\"inLanguage\":\"en-US\",\"@id\":\"https:\/\/www.stiftung-woeb.de\/en\/30-years-of-the-west-eastern-encounters-foundation\/#primaryimage\",\"url\":\"https:\/\/www.stiftung-woeb.de\/wp-content\/uploads\/2024\/06\/WOB_2024_30_116-scaled.jpg\",\"contentUrl\":\"https:\/\/www.stiftung-woeb.de\/wp-content\/uploads\/2024\/06\/WOB_2024_30_116-scaled.jpg\",\"width\":2560,\"height\":1707},{\"@type\":\"BreadcrumbList\",\"@id\":\"https:\/\/www.stiftung-woeb.de\/en\/30-years-of-the-west-eastern-encounters-foundation\/#breadcrumb\",\"itemListElement\":[{\"@type\":\"ListItem\",\"position\":1,\"name\":\"Startseite\",\"item\":\"https:\/\/www.stiftung-woeb.de\/en\/welcome\/\"},{\"@type\":\"ListItem\",\"position\":2,\"name\":\"30 years of the West-Eastern Encounters Foundation\"}]},{\"@type\":\"WebSite\",\"@id\":\"https:\/\/www.stiftung-woeb.de\/en\/#website\",\"url\":\"https:\/\/www.stiftung-woeb.de\/en\/\",\"name\":\"Stiftung West-\u00d6stliche Begegnungen\",\"description\":\"\",\"potentialAction\":[{\"@type\":\"SearchAction\",\"target\":{\"@type\":\"EntryPoint\",\"urlTemplate\":\"https:\/\/www.stiftung-woeb.de\/en\/?s={search_term_string}\"},\"query-input\":{\"@type\":\"PropertyValueSpecification\",\"valueRequired\":true,\"valueName\":\"search_term_string\"}}],\"inLanguage\":\"en-US\"},{\"@type\":\"Person\",\"@id\":\"https:\/\/www.stiftung-woeb.de\/en\/#\/schema\/person\/f8fd5d8c724ea80f31e782e3a0cbf17d\",\"name\":\"SW\u00d6B\",\"image\":{\"@type\":\"ImageObject\",\"inLanguage\":\"en-US\",\"@id\":\"https:\/\/www.stiftung-woeb.de\/en\/#\/schema\/person\/image\/\",\"url\":\"https:\/\/secure.gravatar.com\/avatar\/6c19793d4bc5eb81f83be200f8a85050a8aca04981ea912441dab23f5fedd739?s=96&d=mm&r=g\",\"contentUrl\":\"https:\/\/secure.gravatar.com\/avatar\/6c19793d4bc5eb81f83be200f8a85050a8aca04981ea912441dab23f5fedd739?s=96&d=mm&r=g\",\"caption\":\"SW\u00d6B\"},\"url\":\"https:\/\/www.stiftung-woeb.de\/en\/author\/alina-vedmedyevastiftung-woeb-de\/\"}]}<\/script>\n<!-- \/ Yoast SEO plugin. -->","yoast_head_json":{"title":"30 years of the West-Eastern Encounters Foundation - Stiftung West-\u00d6stliche Begegnungen","robots":{"index":"index","follow":"follow","max-snippet":"max-snippet:-1","max-image-preview":"max-image-preview:large","max-video-preview":"max-video-preview:-1"},"canonical":"https:\/\/www.stiftung-woeb.de\/en\/30-years-of-the-west-eastern-encounters-foundation\/","og_locale":"en_US","og_type":"article","og_title":"30 years of the West-Eastern Encounters Foundation - Stiftung West-\u00d6stliche Begegnungen","og_description":"On 19 June 2024, the West-Eastern Encounters Foundation celebrated its 30th anniversary with a festive event in Berlin. More than 140 guests came together to honour this special occasion and reflect on the past three decades.","og_url":"https:\/\/www.stiftung-woeb.de\/en\/30-years-of-the-west-eastern-encounters-foundation\/","og_site_name":"Stiftung West-\u00d6stliche Begegnungen","article_published_time":"2024-06-20T12:33:24+00:00","article_modified_time":"2025-07-23T08:16:16+00:00","og_image":[{"width":2560,"height":1707,"url":"https:\/\/www.stiftung-woeb.de\/wp-content\/uploads\/2024\/06\/WOB_2024_30_116-scaled.jpg","type":"image\/jpeg"}],"author":"SW\u00d6B","twitter_card":"summary_large_image","twitter_misc":{"Written by":"SW\u00d6B","Est. reading time":"5 minutes"},"schema":{"@context":"https:\/\/schema.org","@graph":[{"@type":"WebPage","@id":"https:\/\/www.stiftung-woeb.de\/en\/30-years-of-the-west-eastern-encounters-foundation\/","url":"https:\/\/www.stiftung-woeb.de\/en\/30-years-of-the-west-eastern-encounters-foundation\/","name":"30 years of the West-Eastern Encounters Foundation - Stiftung West-\u00d6stliche Begegnungen","isPartOf":{"@id":"https:\/\/www.stiftung-woeb.de\/en\/#website"},"primaryImageOfPage":{"@id":"https:\/\/www.stiftung-woeb.de\/en\/30-years-of-the-west-eastern-encounters-foundation\/#primaryimage"},"image":{"@id":"https:\/\/www.stiftung-woeb.de\/en\/30-years-of-the-west-eastern-encounters-foundation\/#primaryimage"},"thumbnailUrl":"https:\/\/www.stiftung-woeb.de\/wp-content\/uploads\/2024\/06\/WOB_2024_30_116-scaled.jpg","datePublished":"2024-06-20T12:33:24+00:00","dateModified":"2025-07-23T08:16:16+00:00","author":{"@id":"https:\/\/www.stiftung-woeb.de\/en\/#\/schema\/person\/f8fd5d8c724ea80f31e782e3a0cbf17d"},"breadcrumb":{"@id":"https:\/\/www.stiftung-woeb.de\/en\/30-years-of-the-west-eastern-encounters-foundation\/#breadcrumb"},"inLanguage":"en-US","potentialAction":[{"@type":"ReadAction","target":["https:\/\/www.stiftung-woeb.de\/en\/30-years-of-the-west-eastern-encounters-foundation\/"]}]},{"@type":"ImageObject","inLanguage":"en-US","@id":"https:\/\/www.stiftung-woeb.de\/en\/30-years-of-the-west-eastern-encounters-foundation\/#primaryimage","url":"https:\/\/www.stiftung-woeb.de\/wp-content\/uploads\/2024\/06\/WOB_2024_30_116-scaled.jpg","contentUrl":"https:\/\/www.stiftung-woeb.de\/wp-content\/uploads\/2024\/06\/WOB_2024_30_116-scaled.jpg","width":2560,"height":1707},{"@type":"BreadcrumbList","@id":"https:\/\/www.stiftung-woeb.de\/en\/30-years-of-the-west-eastern-encounters-foundation\/#breadcrumb","itemListElement":[{"@type":"ListItem","position":1,"name":"Startseite","item":"https:\/\/www.stiftung-woeb.de\/en\/welcome\/"},{"@type":"ListItem","position":2,"name":"30 years of the West-Eastern Encounters Foundation"}]},{"@type":"WebSite","@id":"https:\/\/www.stiftung-woeb.de\/en\/#website","url":"https:\/\/www.stiftung-woeb.de\/en\/","name":"Stiftung West-\u00d6stliche Begegnungen","description":"","potentialAction":[{"@type":"SearchAction","target":{"@type":"EntryPoint","urlTemplate":"https:\/\/www.stiftung-woeb.de\/en\/?s={search_term_string}"},"query-input":{"@type":"PropertyValueSpecification","valueRequired":true,"valueName":"search_term_string"}}],"inLanguage":"en-US"},{"@type":"Person","@id":"https:\/\/www.stiftung-woeb.de\/en\/#\/schema\/person\/f8fd5d8c724ea80f31e782e3a0cbf17d","name":"SW\u00d6B","image":{"@type":"ImageObject","inLanguage":"en-US","@id":"https:\/\/www.stiftung-woeb.de\/en\/#\/schema\/person\/image\/","url":"https:\/\/secure.gravatar.com\/avatar\/6c19793d4bc5eb81f83be200f8a85050a8aca04981ea912441dab23f5fedd739?s=96&d=mm&r=g","contentUrl":"https:\/\/secure.gravatar.com\/avatar\/6c19793d4bc5eb81f83be200f8a85050a8aca04981ea912441dab23f5fedd739?s=96&d=mm&r=g","caption":"SW\u00d6B"},"url":"https:\/\/www.stiftung-woeb.de\/en\/author\/alina-vedmedyevastiftung-woeb-de\/"}]}},"_links":{"self":[{"href":"https:\/\/www.stiftung-woeb.de\/en\/wp-json\/wp\/v2\/posts\/7043","targetHints":{"allow":["GET"]}}],"collection":[{"href":"https:\/\/www.stiftung-woeb.de\/en\/wp-json\/wp\/v2\/posts"}],"about":[{"href":"https:\/\/www.stiftung-woeb.de\/en\/wp-json\/wp\/v2\/types\/post"}],"author":[{"embeddable":true,"href":"https:\/\/www.stiftung-woeb.de\/en\/wp-json\/wp\/v2\/users\/5"}],"replies":[{"embeddable":true,"href":"https:\/\/www.stiftung-woeb.de\/en\/wp-json\/wp\/v2\/comments?post=7043"}],"version-history":[{"count":2,"href":"https:\/\/www.stiftung-woeb.de\/en\/wp-json\/wp\/v2\/posts\/7043\/revisions"}],"predecessor-version":[{"id":7045,"href":"https:\/\/www.stiftung-woeb.de\/en\/wp-json\/wp\/v2\/posts\/7043\/revisions\/7045"}],"wp:featuredmedia":[{"embeddable":true,"href":"https:\/\/www.stiftung-woeb.de\/en\/wp-json\/wp\/v2\/media\/6833"}],"wp:attachment":[{"href":"https:\/\/www.stiftung-woeb.de\/en\/wp-json\/wp\/v2\/media?parent=7043"}],"wp:term":[{"taxonomy":"category","embeddable":true,"href":"https:\/\/www.stiftung-woeb.de\/en\/wp-json\/wp\/v2\/categories?post=7043"},{"taxonomy":"post_tag","embeddable":true,"href":"https:\/\/www.stiftung-woeb.de\/en\/wp-json\/wp\/v2\/tags?post=7043"}],"curies":[{"name":"wp","href":"https:\/\/api.w.org\/{rel}","templated":true}]}}